{"id":3048,"date":"2025-01-08T18:32:26","date_gmt":"2025-01-08T17:32:26","guid":{"rendered":"https:\/\/pastoraledutourisme41.fr\/?p=3048"},"modified":"2025-01-08T18:41:29","modified_gmt":"2025-01-08T17:41:29","slug":"leglise-saint-saturnin-a-blois-et-le-culte-de-notre-dame-des-aydes","status":"publish","type":"post","link":"https:\/\/pastoraledutourisme41.fr\/index.php\/2025\/01\/08\/leglise-saint-saturnin-a-blois-et-le-culte-de-notre-dame-des-aydes\/","title":{"rendered":"Nouveau : le livre \u00ab\u00a0L\u2019\u00e9glise Saint-Saturnin \u00e0 Blois et le culte de Notre-Dame-des-Aydes\u00a0\u00bb"},"content":{"rendered":"\n<p>Notre-Dame-des-Aydes est la patronne du dioc\u00e8se de Blois, officiellement depuis 1931. Cependant, elle est invoqu\u00e9e depuis des si\u00e8cles dans son sanctuaire, notamment \u00e0 chaque p\u00e9ril que court la population, inondation, s\u00e9cheresse, \u00e9pid\u00e9mie. Savez-vous que ce sanctuaire est une des chapelles de l\u2019\u00e9glise Saint-Saturnin \u00e0 Blois-Vienne&nbsp;? Un petit livre \u00ab&nbsp;L\u2019\u00e9glise Saint-Saturnin \u00e0 Blois et le culte de Notre-Dame-des-Aydes&nbsp;\u00bb vient d\u2019\u00eatre \u00e9dit\u00e9 par la paroisse Blois-Rive Gauche. Abondamment illustr\u00e9, ce guide vient avec bonheur mettre \u00e0 la disposition du public la richesse d\u2019une histoire et d\u2019une spiritualit\u00e9 qui ont marqu\u00e9 la ville de Blois. &nbsp;<\/p>\n\n\n\n<p>Il est disponible \u00e0 la libraire Labb\u00e9 et \u00e0 la boutique des Trois Ave pour le prix de 10\u20ac.<\/p>\n\n\n<div class=\"wp-block-image\">\n<figure class=\"aligncenter size-full\"><img loading=\"lazy\" decoding=\"async\" width=\"622\" height=\"872\" src=\"https:\/\/pastoraledutourisme41.fr\/wp-content\/uploads\/2025\/01\/Saint-saturnin.png\" alt=\"\" class=\"wp-image-3052\" srcset=\"https:\/\/pastoraledutourisme41.fr\/wp-content\/uploads\/2025\/01\/Saint-saturnin.png 622w, https:\/\/pastoraledutourisme41.fr\/wp-content\/uploads\/2025\/01\/Saint-saturnin-214x300.png 214w\" sizes=\"auto, (max-width: 622px) 100vw, 622px\" \/><\/figure>\n<\/div>","protected":false},"excerpt":{"rendered":"<p>Notre-Dame-des-Aydes est la patronne du dioc\u00e8se de Blois, officiellement depuis 1931. Cependant, elle est invoqu\u00e9e depuis des si\u00e8cles dans son sanctuaire, notamment \u00e0 chaque p\u00e9ril que court la population, inondation, s\u00e9cheresse, \u00e9pid\u00e9mie. Savez-vous que&#46;&#46;&#46;<\/p>\n","protected":false},"author":5,"featured_media":3052,"comment_status":"closed","ping_status":"open","sticky":false,"template":"","format":"standard","meta":{"footnotes":""},"categories":[6,10],"tags":[],"class_list":["post-3048","post","type-post","status-publish","format-standard","has-post-thumbnail","hentry","category-actualites","category-evenement"],"yoast_head":"<!-- This site is optimized with the Yoast SEO plugin v27.0 - https:\/\/yoast.com\/product\/yoast-seo-wordpress\/ -->\n<title>Nouveau : le livre \u00ab\u00a0L\u2019\u00e9glise Saint-Saturnin \u00e0 Blois et le culte de Notre-Dame-des-Aydes\u00a0\u00bb - Pastorale du Tourisme, \u00e9glises du Loir-et-Cher<\/title>\n<meta name=\"description\" content=\"Le service de La pastorale du tourisme vous accueille pour vous faire visiter et d\u00e9couvrir la richesse patrimoniale et culturelle des \u00e9glises du Loir-et-Cher et vous proposer ses actualit\u00e9s.\" \/>\n<meta name=\"robots\" content=\"index, follow, max-snippet:-1, max-image-preview:large, max-video-preview:-1\" \/>\n<link rel=\"canonical\" href=\"https:\/\/pastoraledutourisme41.fr\/index.php\/2025\/01\/08\/leglise-saint-saturnin-a-blois-et-le-culte-de-notre-dame-des-aydes\/\" \/>\n<meta property=\"og:locale\" content=\"fr_FR\" \/>\n<meta property=\"og:type\" content=\"article\" \/>\n<meta property=\"og:title\" content=\"Nouveau : le livre \u00ab\u00a0L\u2019\u00e9glise Saint-Saturnin \u00e0 Blois et le culte de Notre-Dame-des-Aydes\u00a0\u00bb - Pastorale du Tourisme, \u00e9glises du Loir-et-Cher\" \/>\n<meta property=\"og:description\" content=\"Le service de La pastorale du tourisme vous accueille pour vous faire visiter et d\u00e9couvrir la richesse patrimoniale et culturelle des \u00e9glises du Loir-et-Cher et vous proposer ses actualit\u00e9s.\" \/>\n<meta property=\"og:url\" content=\"https:\/\/pastoraledutourisme41.fr\/index.php\/2025\/01\/08\/leglise-saint-saturnin-a-blois-et-le-culte-de-notre-dame-des-aydes\/\" \/>\n<meta property=\"og:site_name\" content=\"Pastorale du Tourisme, \u00e9glises du Loir-et-Cher\" \/>\n<meta property=\"article:published_time\" content=\"2025-01-08T17:32:26+00:00\" \/>\n<meta property=\"article:modified_time\" content=\"2025-01-08T17:41:29+00:00\" \/>\n<meta property=\"og:image\" content=\"https:\/\/pastoraledutourisme41.fr\/wp-content\/uploads\/2025\/01\/Saint-saturnin.png\" \/>\n\t<meta property=\"og:image:width\" content=\"622\" \/>\n\t<meta property=\"og:image:height\" content=\"872\" \/>\n\t<meta property=\"og:image:type\" content=\"image\/png\" \/>\n<meta name=\"author\" content=\"Jean-Jacques Milhem\" \/>\n<meta name=\"twitter:card\" content=\"summary_large_image\" \/>\n<meta name=\"twitter:label1\" content=\"\u00c9crit par\" \/>\n\t<meta name=\"twitter:data1\" content=\"Jean-Jacques Milhem\" \/>\n\t<meta name=\"twitter:label2\" content=\"Dur\u00e9e de lecture estim\u00e9e\" \/>\n\t<meta name=\"twitter:data2\" content=\"1 minute\" \/>\n<script type=\"application\/ld+json\" class=\"yoast-schema-graph\">{\"@context\":\"https:\/\/schema.org\",\"@graph\":[{\"@type\":\"Article\",\"@id\":\"https:\/\/pastoraledutourisme41.fr\/index.php\/2025\/01\/08\/leglise-saint-saturnin-a-blois-et-le-culte-de-notre-dame-des-aydes\/#article\",\"isPartOf\":{\"@id\":\"https:\/\/pastoraledutourisme41.fr\/index.php\/2025\/01\/08\/leglise-saint-saturnin-a-blois-et-le-culte-de-notre-dame-des-aydes\/\"},\"author\":{\"name\":\"Jean-Jacques Milhem\",\"@id\":\"https:\/\/pastoraledutourisme41.fr\/#\/schema\/person\/c718164f911cc645877e536b38fa438b\"},\"headline\":\"Nouveau : le livre \u00ab\u00a0L\u2019\u00e9glise Saint-Saturnin \u00e0 Blois et le culte de Notre-Dame-des-Aydes\u00a0\u00bb\",\"datePublished\":\"2025-01-08T17:32:26+00:00\",\"dateModified\":\"2025-01-08T17:41:29+00:00\",\"mainEntityOfPage\":{\"@id\":\"https:\/\/pastoraledutourisme41.fr\/index.php\/2025\/01\/08\/leglise-saint-saturnin-a-blois-et-le-culte-de-notre-dame-des-aydes\/\"},\"wordCount\":130,\"publisher\":{\"@id\":\"https:\/\/pastoraledutourisme41.fr\/#organization\"},\"image\":{\"@id\":\"https:\/\/pastoraledutourisme41.fr\/index.php\/2025\/01\/08\/leglise-saint-saturnin-a-blois-et-le-culte-de-notre-dame-des-aydes\/#primaryimage\"},\"thumbnailUrl\":\"https:\/\/pastoraledutourisme41.fr\/wp-content\/uploads\/2025\/01\/Saint-saturnin.png\",\"articleSection\":[\"Actualit\u00e9s\",\"Ev\u00e8nement\"],\"inLanguage\":\"fr-FR\"},{\"@type\":\"WebPage\",\"@id\":\"https:\/\/pastoraledutourisme41.fr\/index.php\/2025\/01\/08\/leglise-saint-saturnin-a-blois-et-le-culte-de-notre-dame-des-aydes\/\",\"url\":\"https:\/\/pastoraledutourisme41.fr\/index.php\/2025\/01\/08\/leglise-saint-saturnin-a-blois-et-le-culte-de-notre-dame-des-aydes\/\",\"name\":\"Nouveau : le livre \u00ab\u00a0L\u2019\u00e9glise Saint-Saturnin \u00e0 Blois et le culte de Notre-Dame-des-Aydes\u00a0\u00bb - Pastorale du Tourisme, \u00e9glises du Loir-et-Cher\",\"isPartOf\":{\"@id\":\"https:\/\/pastoraledutourisme41.fr\/#website\"},\"primaryImageOfPage\":{\"@id\":\"https:\/\/pastoraledutourisme41.fr\/index.php\/2025\/01\/08\/leglise-saint-saturnin-a-blois-et-le-culte-de-notre-dame-des-aydes\/#primaryimage\"},\"image\":{\"@id\":\"https:\/\/pastoraledutourisme41.fr\/index.php\/2025\/01\/08\/leglise-saint-saturnin-a-blois-et-le-culte-de-notre-dame-des-aydes\/#primaryimage\"},\"thumbnailUrl\":\"https:\/\/pastoraledutourisme41.fr\/wp-content\/uploads\/2025\/01\/Saint-saturnin.png\",\"datePublished\":\"2025-01-08T17:32:26+00:00\",\"dateModified\":\"2025-01-08T17:41:29+00:00\",\"description\":\"Le service de La pastorale du tourisme vous accueille pour vous faire visiter et d\u00e9couvrir la richesse patrimoniale et culturelle des \u00e9glises du Loir-et-Cher et vous proposer ses actualit\u00e9s.\",\"breadcrumb\":{\"@id\":\"https:\/\/pastoraledutourisme41.fr\/index.php\/2025\/01\/08\/leglise-saint-saturnin-a-blois-et-le-culte-de-notre-dame-des-aydes\/#breadcrumb\"},\"inLanguage\":\"fr-FR\",\"potentialAction\":[{\"@type\":\"ReadAction\",\"target\":[\"https:\/\/pastoraledutourisme41.fr\/index.php\/2025\/01\/08\/leglise-saint-saturnin-a-blois-et-le-culte-de-notre-dame-des-aydes\/\"]}]},{\"@type\":\"ImageObject\",\"inLanguage\":\"fr-FR\",\"@id\":\"https:\/\/pastoraledutourisme41.fr\/index.php\/2025\/01\/08\/leglise-saint-saturnin-a-blois-et-le-culte-de-notre-dame-des-aydes\/#primaryimage\",\"url\":\"https:\/\/pastoraledutourisme41.fr\/wp-content\/uploads\/2025\/01\/Saint-saturnin.png\",\"contentUrl\":\"https:\/\/pastoraledutourisme41.fr\/wp-content\/uploads\/2025\/01\/Saint-saturnin.png\",\"width\":622,\"height\":872},{\"@type\":\"BreadcrumbList\",\"@id\":\"https:\/\/pastoraledutourisme41.fr\/index.php\/2025\/01\/08\/leglise-saint-saturnin-a-blois-et-le-culte-de-notre-dame-des-aydes\/#breadcrumb\",\"itemListElement\":[{\"@type\":\"ListItem\",\"position\":1,\"name\":\"Accueil\",\"item\":\"https:\/\/pastoraledutourisme41.fr\/\"},{\"@type\":\"ListItem\",\"position\":2,\"name\":\"Nouveau : le livre \u00ab\u00a0L\u2019\u00e9glise Saint-Saturnin \u00e0 Blois et le culte de Notre-Dame-des-Aydes\u00a0\u00bb\"}]},{\"@type\":\"WebSite\",\"@id\":\"https:\/\/pastoraledutourisme41.fr\/#website\",\"url\":\"https:\/\/pastoraledutourisme41.fr\/\",\"name\":\"Pastorale du Tourisme, \u00e9glises du Loir-et-Cher\",\"description\":\"Pastorale des r\u00e9alit\u00e9s du tourisme et des loisirs\",\"publisher\":{\"@id\":\"https:\/\/pastoraledutourisme41.fr\/#organization\"},\"potentialAction\":[{\"@type\":\"SearchAction\",\"target\":{\"@type\":\"EntryPoint\",\"urlTemplate\":\"https:\/\/pastoraledutourisme41.fr\/?s={search_term_string}\"},\"query-input\":{\"@type\":\"PropertyValueSpecification\",\"valueRequired\":true,\"valueName\":\"search_term_string\"}}],\"inLanguage\":\"fr-FR\"},{\"@type\":\"Organization\",\"@id\":\"https:\/\/pastoraledutourisme41.fr\/#organization\",\"name\":\"Pastorale du Tourisme en Loir-et-Cher\",\"url\":\"https:\/\/pastoraledutourisme41.fr\/\",\"logo\":{\"@type\":\"ImageObject\",\"inLanguage\":\"fr-FR\",\"@id\":\"https:\/\/pastoraledutourisme41.fr\/#\/schema\/logo\/image\/\",\"url\":\"https:\/\/pastoraledutourisme41.fr\/wp-content\/uploads\/2020\/01\/LOGO-PRTL-.jpg\",\"contentUrl\":\"https:\/\/pastoraledutourisme41.fr\/wp-content\/uploads\/2020\/01\/LOGO-PRTL-.jpg\",\"width\":120,\"height\":73,\"caption\":\"Pastorale du Tourisme en Loir-et-Cher\"},\"image\":{\"@id\":\"https:\/\/pastoraledutourisme41.fr\/#\/schema\/logo\/image\/\"}},{\"@type\":\"Person\",\"@id\":\"https:\/\/pastoraledutourisme41.fr\/#\/schema\/person\/c718164f911cc645877e536b38fa438b\",\"name\":\"Jean-Jacques Milhem\",\"image\":{\"@type\":\"ImageObject\",\"inLanguage\":\"fr-FR\",\"@id\":\"https:\/\/pastoraledutourisme41.fr\/#\/schema\/person\/image\/\",\"url\":\"https:\/\/secure.gravatar.com\/avatar\/7f9b4597ec9b9dc13fd2b93b4a5464117c46d12e26f52d1a26007a2ea113faaf?s=96&d=mm&r=g\",\"contentUrl\":\"https:\/\/secure.gravatar.com\/avatar\/7f9b4597ec9b9dc13fd2b93b4a5464117c46d12e26f52d1a26007a2ea113faaf?s=96&d=mm&r=g\",\"caption\":\"Jean-Jacques Milhem\"},\"url\":\"https:\/\/pastoraledutourisme41.fr\/index.php\/author\/superdjimi\/\"}]}<\/script>\n<!-- \/ Yoast SEO plugin. -->","yoast_head_json":{"title":"Nouveau : le livre \u00ab\u00a0L\u2019\u00e9glise Saint-Saturnin \u00e0 Blois et le culte de Notre-Dame-des-Aydes\u00a0\u00bb - Pastorale du Tourisme, \u00e9glises du Loir-et-Cher","description":"Le service de La pastorale du tourisme vous accueille pour vous faire visiter et d\u00e9couvrir la richesse patrimoniale et culturelle des \u00e9glises du Loir-et-Cher et vous proposer ses actualit\u00e9s.","robots":{"index":"index","follow":"follow","max-snippet":"max-snippet:-1","max-image-preview":"max-image-preview:large","max-video-preview":"max-video-preview:-1"},"canonical":"https:\/\/pastoraledutourisme41.fr\/index.php\/2025\/01\/08\/leglise-saint-saturnin-a-blois-et-le-culte-de-notre-dame-des-aydes\/","og_locale":"fr_FR","og_type":"article","og_title":"Nouveau : le livre \u00ab\u00a0L\u2019\u00e9glise Saint-Saturnin \u00e0 Blois et le culte de Notre-Dame-des-Aydes\u00a0\u00bb - Pastorale du Tourisme, \u00e9glises du Loir-et-Cher","og_description":"Le service de La pastorale du tourisme vous accueille pour vous faire visiter et d\u00e9couvrir la richesse patrimoniale et culturelle des \u00e9glises du Loir-et-Cher et vous proposer ses actualit\u00e9s.","og_url":"https:\/\/pastoraledutourisme41.fr\/index.php\/2025\/01\/08\/leglise-saint-saturnin-a-blois-et-le-culte-de-notre-dame-des-aydes\/","og_site_name":"Pastorale du Tourisme, \u00e9glises du Loir-et-Cher","article_published_time":"2025-01-08T17:32:26+00:00","article_modified_time":"2025-01-08T17:41:29+00:00","og_image":[{"width":622,"height":872,"url":"https:\/\/pastoraledutourisme41.fr\/wp-content\/uploads\/2025\/01\/Saint-saturnin.png","type":"image\/png"}],"author":"Jean-Jacques Milhem","twitter_card":"summary_large_image","twitter_misc":{"\u00c9crit par":"Jean-Jacques Milhem","Dur\u00e9e de lecture estim\u00e9e":"1 minute"},"schema":{"@context":"https:\/\/schema.org","@graph":[{"@type":"Article","@id":"https:\/\/pastoraledutourisme41.fr\/index.php\/2025\/01\/08\/leglise-saint-saturnin-a-blois-et-le-culte-de-notre-dame-des-aydes\/#article","isPartOf":{"@id":"https:\/\/pastoraledutourisme41.fr\/index.php\/2025\/01\/08\/leglise-saint-saturnin-a-blois-et-le-culte-de-notre-dame-des-aydes\/"},"author":{"name":"Jean-Jacques Milhem","@id":"https:\/\/pastoraledutourisme41.fr\/#\/schema\/person\/c718164f911cc645877e536b38fa438b"},"headline":"Nouveau : le livre \u00ab\u00a0L\u2019\u00e9glise Saint-Saturnin \u00e0 Blois et le culte de Notre-Dame-des-Aydes\u00a0\u00bb","datePublished":"2025-01-08T17:32:26+00:00","dateModified":"2025-01-08T17:41:29+00:00","mainEntityOfPage":{"@id":"https:\/\/pastoraledutourisme41.fr\/index.php\/2025\/01\/08\/leglise-saint-saturnin-a-blois-et-le-culte-de-notre-dame-des-aydes\/"},"wordCount":130,"publisher":{"@id":"https:\/\/pastoraledutourisme41.fr\/#organization"},"image":{"@id":"https:\/\/pastoraledutourisme41.fr\/index.php\/2025\/01\/08\/leglise-saint-saturnin-a-blois-et-le-culte-de-notre-dame-des-aydes\/#primaryimage"},"thumbnailUrl":"https:\/\/pastoraledutourisme41.fr\/wp-content\/uploads\/2025\/01\/Saint-saturnin.png","articleSection":["Actualit\u00e9s","Ev\u00e8nement"],"inLanguage":"fr-FR"},{"@type":"WebPage","@id":"https:\/\/pastoraledutourisme41.fr\/index.php\/2025\/01\/08\/leglise-saint-saturnin-a-blois-et-le-culte-de-notre-dame-des-aydes\/","url":"https:\/\/pastoraledutourisme41.fr\/index.php\/2025\/01\/08\/leglise-saint-saturnin-a-blois-et-le-culte-de-notre-dame-des-aydes\/","name":"Nouveau : le livre \u00ab\u00a0L\u2019\u00e9glise Saint-Saturnin \u00e0 Blois et le culte de Notre-Dame-des-Aydes\u00a0\u00bb - Pastorale du Tourisme, \u00e9glises du Loir-et-Cher","isPartOf":{"@id":"https:\/\/pastoraledutourisme41.fr\/#website"},"primaryImageOfPage":{"@id":"https:\/\/pastoraledutourisme41.fr\/index.php\/2025\/01\/08\/leglise-saint-saturnin-a-blois-et-le-culte-de-notre-dame-des-aydes\/#primaryimage"},"image":{"@id":"https:\/\/pastoraledutourisme41.fr\/index.php\/2025\/01\/08\/leglise-saint-saturnin-a-blois-et-le-culte-de-notre-dame-des-aydes\/#primaryimage"},"thumbnailUrl":"https:\/\/pastoraledutourisme41.fr\/wp-content\/uploads\/2025\/01\/Saint-saturnin.png","datePublished":"2025-01-08T17:32:26+00:00","dateModified":"2025-01-08T17:41:29+00:00","description":"Le service de La pastorale du tourisme vous accueille pour vous faire visiter et d\u00e9couvrir la richesse patrimoniale et culturelle des \u00e9glises du Loir-et-Cher et vous proposer ses actualit\u00e9s.","breadcrumb":{"@id":"https:\/\/pastoraledutourisme41.fr\/index.php\/2025\/01\/08\/leglise-saint-saturnin-a-blois-et-le-culte-de-notre-dame-des-aydes\/#breadcrumb"},"inLanguage":"fr-FR","potentialAction":[{"@type":"ReadAction","target":["https:\/\/pastoraledutourisme41.fr\/index.php\/2025\/01\/08\/leglise-saint-saturnin-a-blois-et-le-culte-de-notre-dame-des-aydes\/"]}]},{"@type":"ImageObject","inLanguage":"fr-FR","@id":"https:\/\/pastoraledutourisme41.fr\/index.php\/2025\/01\/08\/leglise-saint-saturnin-a-blois-et-le-culte-de-notre-dame-des-aydes\/#primaryimage","url":"https:\/\/pastoraledutourisme41.fr\/wp-content\/uploads\/2025\/01\/Saint-saturnin.png","contentUrl":"https:\/\/pastoraledutourisme41.fr\/wp-content\/uploads\/2025\/01\/Saint-saturnin.png","width":622,"height":872},{"@type":"BreadcrumbList","@id":"https:\/\/pastoraledutourisme41.fr\/index.php\/2025\/01\/08\/leglise-saint-saturnin-a-blois-et-le-culte-de-notre-dame-des-aydes\/#breadcrumb","itemListElement":[{"@type":"ListItem","position":1,"name":"Accueil","item":"https:\/\/pastoraledutourisme41.fr\/"},{"@type":"ListItem","position":2,"name":"Nouveau : le livre \u00ab\u00a0L\u2019\u00e9glise Saint-Saturnin \u00e0 Blois et le culte de Notre-Dame-des-Aydes\u00a0\u00bb"}]},{"@type":"WebSite","@id":"https:\/\/pastoraledutourisme41.fr\/#website","url":"https:\/\/pastoraledutourisme41.fr\/","name":"Pastorale du Tourisme, \u00e9glises du Loir-et-Cher","description":"Pastorale des r\u00e9alit\u00e9s du tourisme et des loisirs","publisher":{"@id":"https:\/\/pastoraledutourisme41.fr\/#organization"},"potentialAction":[{"@type":"SearchAction","target":{"@type":"EntryPoint","urlTemplate":"https:\/\/pastoraledutourisme41.fr\/?s={search_term_string}"},"query-input":{"@type":"PropertyValueSpecification","valueRequired":true,"valueName":"search_term_string"}}],"inLanguage":"fr-FR"},{"@type":"Organization","@id":"https:\/\/pastoraledutourisme41.fr\/#organization","name":"Pastorale du Tourisme en Loir-et-Cher","url":"https:\/\/pastoraledutourisme41.fr\/","logo":{"@type":"ImageObject","inLanguage":"fr-FR","@id":"https:\/\/pastoraledutourisme41.fr\/#\/schema\/logo\/image\/","url":"https:\/\/pastoraledutourisme41.fr\/wp-content\/uploads\/2020\/01\/LOGO-PRTL-.jpg","contentUrl":"https:\/\/pastoraledutourisme41.fr\/wp-content\/uploads\/2020\/01\/LOGO-PRTL-.jpg","width":120,"height":73,"caption":"Pastorale du Tourisme en Loir-et-Cher"},"image":{"@id":"https:\/\/pastoraledutourisme41.fr\/#\/schema\/logo\/image\/"}},{"@type":"Person","@id":"https:\/\/pastoraledutourisme41.fr\/#\/schema\/person\/c718164f911cc645877e536b38fa438b","name":"Jean-Jacques Milhem","image":{"@type":"ImageObject","inLanguage":"fr-FR","@id":"https:\/\/pastoraledutourisme41.fr\/#\/schema\/person\/image\/","url":"https:\/\/secure.gravatar.com\/avatar\/7f9b4597ec9b9dc13fd2b93b4a5464117c46d12e26f52d1a26007a2ea113faaf?s=96&d=mm&r=g","contentUrl":"https:\/\/secure.gravatar.com\/avatar\/7f9b4597ec9b9dc13fd2b93b4a5464117c46d12e26f52d1a26007a2ea113faaf?s=96&d=mm&r=g","caption":"Jean-Jacques Milhem"},"url":"https:\/\/pastoraledutourisme41.fr\/index.php\/author\/superdjimi\/"}]}},"_links":{"self":[{"href":"https:\/\/pastoraledutourisme41.fr\/index.php\/wp-json\/wp\/v2\/posts\/3048","targetHints":{"allow":["GET"]}}],"collection":[{"href":"https:\/\/pastoraledutourisme41.fr\/index.php\/wp-json\/wp\/v2\/posts"}],"about":[{"href":"https:\/\/pastoraledutourisme41.fr\/index.php\/wp-json\/wp\/v2\/types\/post"}],"author":[{"embeddable":true,"href":"https:\/\/pastoraledutourisme41.fr\/index.php\/wp-json\/wp\/v2\/users\/5"}],"replies":[{"embeddable":true,"href":"https:\/\/pastoraledutourisme41.fr\/index.php\/wp-json\/wp\/v2\/comments?post=3048"}],"version-history":[{"count":5,"href":"https:\/\/pastoraledutourisme41.fr\/index.php\/wp-json\/wp\/v2\/posts\/3048\/revisions"}],"predecessor-version":[{"id":3054,"href":"https:\/\/pastoraledutourisme41.fr\/index.php\/wp-json\/wp\/v2\/posts\/3048\/revisions\/3054"}],"wp:featuredmedia":[{"embeddable":true,"href":"https:\/\/pastoraledutourisme41.fr\/index.php\/wp-json\/wp\/v2\/media\/3052"}],"wp:attachment":[{"href":"https:\/\/pastoraledutourisme41.fr\/index.php\/wp-json\/wp\/v2\/media?parent=3048"}],"wp:term":[{"taxonomy":"category","embeddable":true,"href":"https:\/\/pastoraledutourisme41.fr\/index.php\/wp-json\/wp\/v2\/categories?post=3048"},{"taxonomy":"post_tag","embeddable":true,"href":"https:\/\/pastoraledutourisme41.fr\/index.php\/wp-json\/wp\/v2\/tags?post=3048"}],"curies":[{"name":"wp","href":"https:\/\/api.w.org\/{rel}","templated":true}]}}